{"id":117,"date":"2013-09-25T09:00:52","date_gmt":"2013-09-25T07:00:52","guid":{"rendered":"http:\/\/pubweb.carnet.hr\/zgspeleo\/?p=117"},"modified":"2014-09-25T13:58:30","modified_gmt":"2014-09-25T11:58:30","slug":"medunarodna-nagrada-filmu-lukina-jama","status":"publish","type":"post","link":"https:\/\/zagrebacki-speleoloski-savez.hr\/?p=117","title":{"rendered":"Me\u0111unarodna nagrada filmu Lukina jama"},"content":{"rendered":"<p style=\"text-align: justify\">Na 16. Me\u0111unarodnom speleolo\u0161kom kongresu u Brnu 2013. godine, dokumentarni film Lukina jama autora Darka Bak\u0161i\u0107a i Lovre \u010cepelaka (SO Velebit) osvojio je prvu nagradu publike &#8220;Spelemedia Audience Award Best of Show&#8221;. Film je rezultat iskustva prikupljenog tijekom dugogodi\u0161njih aktivnosti hrvatskih speleologa na izradi foto i video dokumentacije izuzetnih prirodnih vrijednosti hrvatskih \u0161pilja i jama koje su po svojim svojstvima zna\u010dajne u svjetskim okvirima.<\/p>\n<p style=\"text-align: justify\">Speleolo\u0161ki film i fotografija klju\u010dni su za vrednovanje i za\u0161titu \u0161pilja, budu\u0107i da se kroz njih na svjetlo dana iznosi prirodne vrijednosti i ljepote impresivnih podzemnih prostora, koji su prije toga bili dostupni tek malom broju ljudi &#8211; speleolozima. Speleolo\u0161ki film je zahtjevan projekt, ne samo zbog tehni\u010dkih zahtjeva vezanih uz to da se snima u mraku, a podzemni prostori su \u010desto ogromnih dimenzija, ve\u0107 i uvjeti snimanja (i transporta opreme za snimanje) su \u010desto tehni\u010dki zahtjevni i ometani raznim pote\u0161ko\u0107ama poput te\u0161ko pristupa\u010dnih i za kretanje slo\u017eenih kanala, prisutnosti vode, blata, specifi\u010dnih mikroklimatskih uvjeta.<\/p>\n<p style=\"text-align: justify\"><a href=\"http:\/\/www.youtube.com\/watch?v=QuU5DgG2nRY\">Film Lukina jama<\/a><\/p>\n","protected":false},"excerpt":{"rendered":"<p>Na 16. Me\u0111unarodnom speleolo\u0161kom kongresu u Brnu 2013. godine, dokumentarni film Lukina jama autora Darka Bak\u0161i\u0107a i Lovre \u010cepelaka (SO Velebit) osvojio je prvu nagradu publike &#8220;Spelemedia Audience Award Best of Show&#8221;. Film je rezultat iskustva prikupljenog tijekom dugogodi\u0161njih aktivnosti hrvatskih speleologa na izradi foto i video dokumentacije izuzetnih prirodnih vrijednosti hrvatskih \u0161pilja i jama [&hellip;]<\/p>\n","protected":false},"author":160,"featured_media":118,"comment_status":"closed","ping_status":"closed","sticky":false,"template":"","format":"standard","meta":{"footnotes":""},"categories":[1],"tags":[],"class_list":{"0":"post-117","1":"post","2":"type-post","3":"status-publish","4":"format-standard","5":"has-post-thumbnail","7":"category-nekategorizirano","8":"czr-hentry"},"_links":{"self":[{"href":"https:\/\/zagrebacki-speleoloski-savez.hr\/index.php?rest_route=\/wp\/v2\/posts\/117","targetHints":{"allow":["GET"]}}],"collection":[{"href":"https:\/\/zagrebacki-speleoloski-savez.hr\/index.php?rest_route=\/wp\/v2\/posts"}],"about":[{"href":"https:\/\/zagrebacki-speleoloski-savez.hr\/index.php?rest_route=\/wp\/v2\/types\/post"}],"author":[{"embeddable":true,"href":"https:\/\/zagrebacki-speleoloski-savez.hr\/index.php?rest_route=\/wp\/v2\/users\/160"}],"replies":[{"embeddable":true,"href":"https:\/\/zagrebacki-speleoloski-savez.hr\/index.php?rest_route=%2Fwp%2Fv2%2Fcomments&post=117"}],"version-history":[{"count":0,"href":"https:\/\/zagrebacki-speleoloski-savez.hr\/index.php?rest_route=\/wp\/v2\/posts\/117\/revisions"}],"wp:featuredmedia":[{"embeddable":true,"href":"https:\/\/zagrebacki-speleoloski-savez.hr\/index.php?rest_route=\/wp\/v2\/media\/118"}],"wp:attachment":[{"href":"https:\/\/zagrebacki-speleoloski-savez.hr\/index.php?rest_route=%2Fwp%2Fv2%2Fmedia&parent=117"}],"wp:term":[{"taxonomy":"category","embeddable":true,"href":"https:\/\/zagrebacki-speleoloski-savez.hr\/index.php?rest_route=%2Fwp%2Fv2%2Fcategories&post=117"},{"taxonomy":"post_tag","embeddable":true,"href":"https:\/\/zagrebacki-speleoloski-savez.hr\/index.php?rest_route=%2Fwp%2Fv2%2Ftags&post=117"}],"curies":[{"name":"wp","href":"https:\/\/api.w.org\/{rel}","templated":true}]}}