{"id":133,"date":"2013-10-01T09:00:05","date_gmt":"2013-10-01T07:00:05","guid":{"rendered":"http:\/\/pubweb.carnet.hr\/zgspeleo\/?p=133"},"modified":"2014-09-25T13:57:49","modified_gmt":"2014-09-25T11:57:49","slug":"60-godina-casopisa-speleolog","status":"publish","type":"post","link":"https:\/\/zagrebacki-speleoloski-savez.hr\/?p=133","title":{"rendered":"60 godina \u010dasopisa &#8220;Speleolog&#8221;"},"content":{"rendered":"<p style=\"text-align: justify\">\u010casopis &#8220;Speleolog&#8221; kojeg izdaje Speleolo\u0161ki odsjek HPD \u017deljezni\u010dar redovito izlazi kao dvogodi\u0161njak odnosno godi\u0161njak od 1.10.1953. godine i kao takav je speleolo\u0161ki \u010dasopis s najduljom tradicijom u ovom dijelu Europe. U povodu 60. obljetnice \u010dasopisa odr\u017eana je proslava na kojoj je Vlado Bo\u017ei\u0107, jedan od najzaslu\u017enijih i dugogodi\u0161nji \u010dlan uredni\u0161tva dao pregled svih ljudi \u010dijom zaslugom ovaj \u010dasopis ima tako dugu tradiciju te brojnih tema kojima se \u010dasopis bavio proteklih 6 desetlje\u0107a. Izla\u017eenje \u010dasopisa pokrenuto je na inicijativu Slavka Marjanca i Mirka Maleza, a uz stru\u010dnu pomo\u0107 Marinka Gjivoja. U \u010dasopisu je zabilje\u017eena ve\u0107ina zna\u010dajnih doga\u0111anja u hrvatskoj speleologiji u tom razdoblju te brojne aktivnosti u Svijetu. \u010casopis od prvog broja predstavlja vrijedan doprinos inventarizaciji i vrednovanju hrvatskih \u0161pilja i jama te je ogledalo sustavne i organizirane aktivnosti hrvatskih speleologa na istra\u017eivanjima hrvatskog kr\u0161a, speleolo\u0161koj edukaciji i razvoju speleolo\u0161kih tehnika. Speleolo\u0161ki odsjek \u017deljezni\u010dar se posebno zahvalio svim urednicima \u010dasopisima.<\/p>\n","protected":false},"excerpt":{"rendered":"<p>\u010casopis &#8220;Speleolog&#8221; kojeg izdaje Speleolo\u0161ki odsjek HPD \u017deljezni\u010dar redovito izlazi kao dvogodi\u0161njak odnosno godi\u0161njak od 1.10.1953. godine i kao takav je speleolo\u0161ki \u010dasopis s najduljom tradicijom u ovom dijelu Europe. U povodu 60. obljetnice \u010dasopisa odr\u017eana je proslava na kojoj je Vlado Bo\u017ei\u0107, jedan od najzaslu\u017enijih i dugogodi\u0161nji \u010dlan uredni\u0161tva dao pregled svih ljudi \u010dijom [&hellip;]<\/p>\n","protected":false},"author":160,"featured_media":134,"comment_status":"closed","ping_status":"closed","sticky":false,"template":"","format":"standard","meta":{"footnotes":""},"categories":[1],"tags":[],"class_list":{"0":"post-133","1":"post","2":"type-post","3":"status-publish","4":"format-standard","5":"has-post-thumbnail","7":"category-nekategorizirano","8":"czr-hentry"},"_links":{"self":[{"href":"https:\/\/zagrebacki-speleoloski-savez.hr\/index.php?rest_route=\/wp\/v2\/posts\/133","targetHints":{"allow":["GET"]}}],"collection":[{"href":"https:\/\/zagrebacki-speleoloski-savez.hr\/index.php?rest_route=\/wp\/v2\/posts"}],"about":[{"href":"https:\/\/zagrebacki-speleoloski-savez.hr\/index.php?rest_route=\/wp\/v2\/types\/post"}],"author":[{"embeddable":true,"href":"https:\/\/zagrebacki-speleoloski-savez.hr\/index.php?rest_route=\/wp\/v2\/users\/160"}],"replies":[{"embeddable":true,"href":"https:\/\/zagrebacki-speleoloski-savez.hr\/index.php?rest_route=%2Fwp%2Fv2%2Fcomments&post=133"}],"version-history":[{"count":0,"href":"https:\/\/zagrebacki-speleoloski-savez.hr\/index.php?rest_route=\/wp\/v2\/posts\/133\/revisions"}],"wp:featuredmedia":[{"embeddable":true,"href":"https:\/\/zagrebacki-speleoloski-savez.hr\/index.php?rest_route=\/wp\/v2\/media\/134"}],"wp:attachment":[{"href":"https:\/\/zagrebacki-speleoloski-savez.hr\/index.php?rest_route=%2Fwp%2Fv2%2Fmedia&parent=133"}],"wp:term":[{"taxonomy":"category","embeddable":true,"href":"https:\/\/zagrebacki-speleoloski-savez.hr\/index.php?rest_route=%2Fwp%2Fv2%2Fcategories&post=133"},{"taxonomy":"post_tag","embeddable":true,"href":"https:\/\/zagrebacki-speleoloski-savez.hr\/index.php?rest_route=%2Fwp%2Fv2%2Ftags&post=133"}],"curies":[{"name":"wp","href":"https:\/\/api.w.org\/{rel}","templated":true}]}}