{"id":502,"date":"2019-10-23T16:38:51","date_gmt":"2019-10-23T14:38:51","guid":{"rendered":"http:\/\/pubweb.carnet.hr\/zgspeleo\/?p=502"},"modified":"2019-10-23T16:47:30","modified_gmt":"2019-10-23T14:47:30","slug":"zagrebacki-speleoloski-savez-na-8-danima-tehnicke-kulture-grada-zagreba","status":"publish","type":"post","link":"https:\/\/zagrebacki-speleoloski-savez.hr\/?p=502","title":{"rendered":"Zagreba\u010dki speleolo\u0161ki savez na 8. Danima tehni\u010dke kulture Grada Zagreba"},"content":{"rendered":"<p>Zagreba\u010dki speleolo\u0161ki savez predstavio je svoje rezultate rada na\u00a08. Danima tehni\u010dke kulture Grada Zagreba koji su odr\u017eani 19.listopada 2019. u Centru kulture Dubrava. Manifestacija je odr\u017eana u organizaciji Zagreba\u010dke zajednice tehni\u010dke kulture, a pod pokroviteljstvom Grada Zagreba. Koordinator predstavljanja ZSS-a bio je Ivan Grof iz SD Velebita. Speleolo\u0161ka djelatnost koju izvodimo u okviru Zagreba\u010dkog speleolo\u0161kog saveza i njegovih udruga \u010dlanica multidisciplinarno pokriva niz podru\u010dja tehni\u010dke kulture, od razvoja i upotrebe speleolo\u0161kih tehnika, upotrebe ra\u010dunala i instrumenata u speleologiji, izrade tehni\u010dkog speleolo\u0161kog nacrta do speleolo\u0161ke fotografije i dokumentarnog filma. Uz to Zagreba\u010dki speleolo\u0161ki savez veliku pa\u017enju posve\u0107uje edukaciji djece i mladih kroz ljetne logore i speleolo\u0161ke \u0161kole. Razli\u010dite vje\u0161tine tehni\u010dke kulture primjenjuju se i u okviru projekta \u010cisto podzemlje kojeg koordinira ZSS.<\/p>\n<p><a href=\"http:\/\/pubweb.carnet.hr\/zgspeleo\/wp-content\/uploads\/sites\/160\/2019\/10\/dani-tk-zg-280x300.jpg\"><img loading=\"lazy\" decoding=\"async\" class=\"alignnone size-medium wp-image-504\" src=\"http:\/\/pubweb.carnet.hr\/zgspeleo\/wp-content\/uploads\/sites\/160\/2019\/10\/dani-tk-zg-280x300-280x300.jpg\" alt=\"\" width=\"280\" height=\"300\" \/>\u00a0<\/a><a href=\"http:\/\/pubweb.carnet.hr\/zgspeleo\/wp-content\/uploads\/sites\/160\/2019\/10\/2019-zztk-zss.jpg\"><img loading=\"lazy\" decoding=\"async\" class=\"alignnone size-medium wp-image-503\" src=\"http:\/\/pubweb.carnet.hr\/zgspeleo\/wp-content\/uploads\/sites\/160\/2019\/10\/2019-zztk-zss-171x300.jpg\" alt=\"\" width=\"171\" height=\"300\" srcset=\"https:\/\/zagrebacki-speleoloski-savez.hr\/wp-content\/uploads\/sites\/160\/2019\/10\/2019-zztk-zss-171x300.jpg 171w, https:\/\/zagrebacki-speleoloski-savez.hr\/wp-content\/uploads\/sites\/160\/2019\/10\/2019-zztk-zss.jpg 546w\" sizes=\"auto, (max-width: 171px) 100vw, 171px\" \/><\/a><\/p>\n","protected":false},"excerpt":{"rendered":"<p>Zagreba\u010dki speleolo\u0161ki savez predstavio je svoje rezultate rada na\u00a08. Danima tehni\u010dke kulture Grada Zagreba koji su odr\u017eani 19.listopada 2019. u Centru kulture Dubrava. Manifestacija je odr\u017eana u organizaciji Zagreba\u010dke zajednice tehni\u010dke kulture, a pod pokroviteljstvom Grada Zagreba. Koordinator predstavljanja ZSS-a bio je Ivan Grof iz SD Velebita. Speleolo\u0161ka djelatnost koju izvodimo u okviru Zagreba\u010dkog speleolo\u0161kog [&hellip;]<\/p>\n","protected":false},"author":160,"featured_media":503,"comment_status":"closed","ping_status":"closed","sticky":false,"template":"","format":"standard","meta":{"footnotes":""},"categories":[3],"tags":[],"class_list":{"0":"post-502","1":"post","2":"type-post","3":"status-publish","4":"format-standard","5":"has-post-thumbnail","7":"category-skupovi-i-dogadanja","8":"czr-hentry"},"_links":{"self":[{"href":"https:\/\/zagrebacki-speleoloski-savez.hr\/index.php?rest_route=\/wp\/v2\/posts\/502","targetHints":{"allow":["GET"]}}],"collection":[{"href":"https:\/\/zagrebacki-speleoloski-savez.hr\/index.php?rest_route=\/wp\/v2\/posts"}],"about":[{"href":"https:\/\/zagrebacki-speleoloski-savez.hr\/index.php?rest_route=\/wp\/v2\/types\/post"}],"author":[{"embeddable":true,"href":"https:\/\/zagrebacki-speleoloski-savez.hr\/index.php?rest_route=\/wp\/v2\/users\/160"}],"replies":[{"embeddable":true,"href":"https:\/\/zagrebacki-speleoloski-savez.hr\/index.php?rest_route=%2Fwp%2Fv2%2Fcomments&post=502"}],"version-history":[{"count":2,"href":"https:\/\/zagrebacki-speleoloski-savez.hr\/index.php?rest_route=\/wp\/v2\/posts\/502\/revisions"}],"predecessor-version":[{"id":507,"href":"https:\/\/zagrebacki-speleoloski-savez.hr\/index.php?rest_route=\/wp\/v2\/posts\/502\/revisions\/507"}],"wp:featuredmedia":[{"embeddable":true,"href":"https:\/\/zagrebacki-speleoloski-savez.hr\/index.php?rest_route=\/wp\/v2\/media\/503"}],"wp:attachment":[{"href":"https:\/\/zagrebacki-speleoloski-savez.hr\/index.php?rest_route=%2Fwp%2Fv2%2Fmedia&parent=502"}],"wp:term":[{"taxonomy":"category","embeddable":true,"href":"https:\/\/zagrebacki-speleoloski-savez.hr\/index.php?rest_route=%2Fwp%2Fv2%2Fcategories&post=502"},{"taxonomy":"post_tag","embeddable":true,"href":"https:\/\/zagrebacki-speleoloski-savez.hr\/index.php?rest_route=%2Fwp%2Fv2%2Ftags&post=502"}],"curies":[{"name":"wp","href":"https:\/\/api.w.org\/{rel}","templated":true}]}}