{"id":70,"date":"2013-04-02T09:00:14","date_gmt":"2013-04-02T07:00:14","guid":{"rendered":"http:\/\/pubweb.carnet.hr\/zgspeleo\/?p=70"},"modified":"2014-09-25T14:01:02","modified_gmt":"2014-09-25T12:01:02","slug":"predstavnici-zagrebackog-speleoloskog-saveza-kod-gradonacelnika","status":"publish","type":"post","link":"https:\/\/zagrebacki-speleoloski-savez.hr\/?p=70","title":{"rendered":"Predstavnici Zagreba\u010dkog speleolo\u0161kog saveza kod gradona\u010delnika"},"content":{"rendered":"<p style=\"text-align: justify\">Gradona\u010delnik Milan Bandi\u0107 primio je danas u zgradi gradske uprave predstavnike Zagreba\u010dkog speleolo\u0161kog saveza koji su ga upoznali s pripremama za predstoje\u0107u Me\u0111unarodnu speleolo\u0161ku i ronila\u010dku ekspediciju Lukina jama 2013.<br \/>\nNa sastanku je dogovoreno da \u0107e po\u010detkom svibnja u auli zgrade Gradske uprave biti postavljena izlo\u017eba Zagreba\u010dka speleologija ju\u010der, danas, sutra, u povodu 80 godina istra\u017eivanja \u0161pilje Veternice na Medvednici, 20 godina istra\u017eivanja dubokih jama u Republici Hrvatskoj i 127 godina speleolo\u0161ke djelatnosti u Zagrebu.<\/p>\n","protected":false},"excerpt":{"rendered":"<p>Gradona\u010delnik Milan Bandi\u0107 primio je danas u zgradi gradske uprave predstavnike Zagreba\u010dkog speleolo\u0161kog saveza koji su ga upoznali s pripremama za predstoje\u0107u Me\u0111unarodnu speleolo\u0161ku i ronila\u010dku ekspediciju Lukina jama 2013. Na sastanku je dogovoreno da \u0107e po\u010detkom svibnja u auli zgrade Gradske uprave biti postavljena izlo\u017eba Zagreba\u010dka speleologija ju\u010der, danas, sutra, u povodu 80 godina [&hellip;]<\/p>\n","protected":false},"author":160,"featured_media":71,"comment_status":"closed","ping_status":"closed","sticky":false,"template":"","format":"standard","meta":{"footnotes":""},"categories":[1],"tags":[],"class_list":{"0":"post-70","1":"post","2":"type-post","3":"status-publish","4":"format-standard","5":"has-post-thumbnail","7":"category-nekategorizirano","8":"czr-hentry"},"_links":{"self":[{"href":"https:\/\/zagrebacki-speleoloski-savez.hr\/index.php?rest_route=\/wp\/v2\/posts\/70","targetHints":{"allow":["GET"]}}],"collection":[{"href":"https:\/\/zagrebacki-speleoloski-savez.hr\/index.php?rest_route=\/wp\/v2\/posts"}],"about":[{"href":"https:\/\/zagrebacki-speleoloski-savez.hr\/index.php?rest_route=\/wp\/v2\/types\/post"}],"author":[{"embeddable":true,"href":"https:\/\/zagrebacki-speleoloski-savez.hr\/index.php?rest_route=\/wp\/v2\/users\/160"}],"replies":[{"embeddable":true,"href":"https:\/\/zagrebacki-speleoloski-savez.hr\/index.php?rest_route=%2Fwp%2Fv2%2Fcomments&post=70"}],"version-history":[{"count":0,"href":"https:\/\/zagrebacki-speleoloski-savez.hr\/index.php?rest_route=\/wp\/v2\/posts\/70\/revisions"}],"wp:featuredmedia":[{"embeddable":true,"href":"https:\/\/zagrebacki-speleoloski-savez.hr\/index.php?rest_route=\/wp\/v2\/media\/71"}],"wp:attachment":[{"href":"https:\/\/zagrebacki-speleoloski-savez.hr\/index.php?rest_route=%2Fwp%2Fv2%2Fmedia&parent=70"}],"wp:term":[{"taxonomy":"category","embeddable":true,"href":"https:\/\/zagrebacki-speleoloski-savez.hr\/index.php?rest_route=%2Fwp%2Fv2%2Fcategories&post=70"},{"taxonomy":"post_tag","embeddable":true,"href":"https:\/\/zagrebacki-speleoloski-savez.hr\/index.php?rest_route=%2Fwp%2Fv2%2Ftags&post=70"}],"curies":[{"name":"wp","href":"https:\/\/api.w.org\/{rel}","templated":true}]}}